{"id":74,"date":"2010-04-25T10:18:39","date_gmt":"2010-04-25T08:18:39","guid":{"rendered":"http:\/\/fete-preprod.grandeperrure.fr\/?p=74"},"modified":"2021-05-01T20:00:58","modified_gmt":"2021-05-01T18:00:58","slug":"2010-pef-sur-le-theme-du-recyclage","status":"publish","type":"post","link":"https:\/\/fete.grandeperrure.fr\/index.php\/2010\/04\/25\/2010-pef-sur-le-theme-du-recyclage\/","title":{"rendered":"2010 &#8211; PEF sur le th\u00e8me du recyclage&#8230;"},"content":{"rendered":"\n<p><em>\u00ab&nbsp;Rien ne se perd, rien ne se cr\u00e9e, tout se transforme&nbsp;\u00bb (Lavoisier)<\/em> <br>soit la r\u00e9utilisation des mat\u00e9riaux.<\/p>\n\n\n\n<div class=\"wp-block-image\"><figure class=\"alignleft size-large\"><img loading=\"lazy\" width=\"452\" height=\"621\" src=\"https:\/\/fete.grandeperrure.fr\/wp-content\/uploads\/2019\/06\/affiche2010.jpg\" alt=\"\" class=\"wp-image-118\" srcset=\"https:\/\/fete.grandeperrure.fr\/wp-content\/uploads\/2019\/06\/affiche2010.jpg 452w, https:\/\/fete.grandeperrure.fr\/wp-content\/uploads\/2019\/06\/affiche2010-218x300.jpg 218w\" sizes=\"(max-width: 452px) 100vw, 452px\" \/><\/figure><\/div>\n\n\n\n<div class=\"wp-block-image\"><figure class=\"alignright size-large is-resized\"><img loading=\"lazy\" src=\"https:\/\/fete.grandeperrure.fr\/wp-content\/uploads\/2019\/06\/flyer2010_verso.jpg\" alt=\"\" width=\"354\" height=\"500\"\/><\/figure><\/div>\n\n\n\n<p>On pourra donc voir par exemple&nbsp;: \nfabrication de meuble en carton, bijoux en bambous, r\u00e9cup\u00e9ration de \ntissus pour cr\u00e9ation de v\u00eatements, land art, poterie\u2026.<br>De plus chaque\n ann\u00e9e, on retrouve des animations sur la ferme (d\u00e9monstration de chien \nde berger), un boulanger au four \u00e0 pain, des animations autours de la \nnature et des oiseaux, des jeux en bois, maquillage pour enfants, \naccrobranche\u2026<\/p>\n\n\n\n<p><\/p>\n\n\n\n<p><\/p>\n\n\n\n<p><br>Le week-end aura lieu le 24 et 25 Avril  2010 sur le site de la ferme p\u00e9dagogique de la grande Perrure \u00e0 Mervent  et s\u2019organise comme suit:<br>Samedi&nbsp; 15h: ouverture du site pour le public&nbsp;: exposants, animations<br>A partir de 19h: ap\u00e9ritif, repas campagnard accompagn\u00e9 de diff\u00e9rents concerts <br>Dimanche 14h-19h: exposants et animations<\/p>\n\n\n\n<h1>Les  Exposants :<\/h1>\n\n\n\n<ul><li><strong>L&rsquo;outil en Main,<\/strong> Retrait\u00e9s qui apprennent leur m\u00e9tier aux enfants, 85120 LA CHATAIGNERAIS<\/li><li><strong>Chacha,<\/strong> Bijourx Fimo \/ Bambou, 79160 LA VERGNE<\/li><li><strong>Pascal GOBIN, <\/strong>paillage et r\u00e9fection de si\u00e8ges<\/li><li><strong>R\u00e9cup&rsquo; Briques Lait,<\/strong> Atelier avec les enfants pour fabrication d&rsquo;objets, 85410 CEZAIS<\/li><li><strong>S\u00e9bastien PANIS, <\/strong>Eb\u00e9nisterie d&rsquo;art<\/li><li><strong>Mimeau,<\/strong> Re\u2212remplissage de cartouches d&rsquo;encres<\/li><li><strong>T&rsquo;es Folle Cocotte<\/strong>, <strong>Confection d&rsquo;objets avec les enfants (papier m\u00e2ch\u00e9, &#8230;<\/strong><\/li><li><strong>Pauline POUPARD,<\/strong> Fabrication d&rsquo;instruments de musique avec les enfants + massage d\u00e9contraction \u00e0 la Fran\u00e7aise, 85210 SAINTE\u2212HERMINE<\/li><li><strong>TRI SELECTIF, <\/strong>exposition explicative sur le tri des d\u00e9chets<\/li><li><strong>Eric TEPAZ, <\/strong>Exposition de Peintures <strong>s<\/strong>ur toiles et sur bois<\/li><li><strong>Arthur FRUCHET, <\/strong>Fabrication et exposition de sujets en ressorts de sommiers<\/li><li><strong>Urgania, <\/strong>R\u00e9cup\u00e9ration de tissu pour la cr\u00e9ation de v\u00eatements, 49110 LA BOISSIERE\/EVRE<\/li><li><strong>J\u00e9rome DAVIN &amp; Damien Marie, Jeux sur table<\/strong><\/li><li><strong>Etienne MOUSSEAU, <\/strong>Fabrication et stage pour construire soi\u2212m\u00eame son \u00e9olienne, 49120 CHEMILLE<\/li><li><strong>RetroParc, <\/strong>Grands jeux en bois, 85200 MERVENT<\/li><li><strong>Marlyne, <\/strong>Fabrication d&rsquo;objets d\u00e9coratifs en bois, 85200 MERVENT<\/li><li><strong>Grimpe Dans Les Arbres,<\/strong> Activit\u00e9 d&rsquo;accro&rsquo;branche<\/li><li><strong>Ballade Nadine, <\/strong>ballade dans la f\u00f4r\u00eat de mervent<\/li><li><strong>Maquillage, <\/strong>un atelier de maquillage pour les enfants<\/li><li><strong>Four a pain, <\/strong>Fabrication de viennoiseries pendant la f\u00eate<\/li><li><strong>Chapaux,<\/strong> Fabrication de chapeaux en papier avec les enfants<\/li><li><strong>Nautisme et plein air, <\/strong>Voile Cano\u00eb, Kayak, Aviron, VTT, Tir \u00e0 l&rsquo;arc et Orientation<\/li><li><strong>Communaut\u00e9 Ema\u00fcs<\/strong><\/li><li><strong>Bois de Chauffag<\/strong><\/li><li><strong>Broderie<\/strong><\/li><li><strong>Sculpture \u00e0 la Tron\u00e7onneus<\/strong><\/li><li><strong>Sujets en Boites de Conserves, <\/strong>Fabrication d&rsquo;objets \u00e0 partir de bo\u00eetes de conserves<\/li><li><strong>Sculpture Recup&rsquo;,<\/strong> Sculpture \u00e0 partir d&rsquo;objets de r\u00e9cup\u00e9ration<\/li><li><strong>Sp\u00e9ctacle de Marionnettes<\/strong><\/li><\/ul>\n\n\n\n<h1>Les Groupes de Musiques :<\/h1>\n\n\n\n<p><strong>LE SAMEDI&nbsp;:<\/strong><\/p>\n\n\n\n<p><strong>Ap\u00e9ro&nbsp;: BATUCADA,<\/strong><em><br>percu br\u00e9siliennes<\/em><br><strong>Repas&nbsp;: KADER<\/strong><em><strong>,<\/strong><br>reprises vari\u00e9t\u00e9 fran\u00e7aise<\/em><br><strong>1\u00e8re Partie de soir\u00e9e&nbsp; :<a rel=\"noreferrer noopener\" href=\"http:\/\/www.myspace.com\/escapingreality2\" target=\"_blank\"><br>ESCAPING REALITY<\/a>,<\/strong><br><em>Rock Indie Pop<\/em><br><strong>2\u00e8me Partie de soir\u00e9e :<a rel=\"noreferrer noopener\" href=\"http:\/\/www.myspace.com\/thehappeningband\" target=\"_blank\"><br>THE HAPPENING<\/a>,<\/strong><br><em>Rock Garage Pop<\/em><\/p>\n\n\n\n<p><strong>LE DIMANCHE&nbsp;:<\/strong><br><strong>PANACHAO<\/strong>,<br><em>Still Band<\/em><\/p>\n","protected":false},"excerpt":{"rendered":"<p>\u00ab&nbsp;Rien ne se perd, rien ne se cr\u00e9e, tout se transforme&nbsp;\u00bb (Lavoisier) soit la r\u00e9utilisation des mat\u00e9riaux. On pourra donc voir par exemple&nbsp;: fabrication de meuble en carton, bijoux en bambous, r\u00e9cup\u00e9ration de tissus pour cr\u00e9ation de v\u00eatements, land art, &hellip; <a href=\"https:\/\/fete.grandeperrure.fr\/index.php\/2010\/04\/25\/2010-pef-sur-le-theme-du-recyclage\/\">Continuer la lecture <span class=\"meta-nav\">&rarr;<\/span><\/a><\/p>\n","protected":false},"author":1,"featured_media":0,"comment_status":"open","ping_status":"open","sticky":false,"template":"","format":"standard","meta":[],"categories":[10,3],"tags":[],"_links":{"self":[{"href":"https:\/\/fete.grandeperrure.fr\/index.php\/wp-json\/wp\/v2\/posts\/74"}],"collection":[{"href":"https:\/\/fete.grandeperrure.fr\/index.php\/wp-json\/wp\/v2\/posts"}],"about":[{"href":"https:\/\/fete.grandeperrure.fr\/index.php\/wp-json\/wp\/v2\/types\/post"}],"author":[{"embeddable":true,"href":"https:\/\/fete.grandeperrure.fr\/index.php\/wp-json\/wp\/v2\/users\/1"}],"replies":[{"embeddable":true,"href":"https:\/\/fete.grandeperrure.fr\/index.php\/wp-json\/wp\/v2\/comments?post=74"}],"version-history":[{"count":5,"href":"https:\/\/fete.grandeperrure.fr\/index.php\/wp-json\/wp\/v2\/posts\/74\/revisions"}],"predecessor-version":[{"id":185,"href":"https:\/\/fete.grandeperrure.fr\/index.php\/wp-json\/wp\/v2\/posts\/74\/revisions\/185"}],"wp:attachment":[{"href":"https:\/\/fete.grandeperrure.fr\/index.php\/wp-json\/wp\/v2\/media?parent=74"}],"wp:term":[{"taxonomy":"category","embeddable":true,"href":"https:\/\/fete.grandeperrure.fr\/index.php\/wp-json\/wp\/v2\/categories?post=74"},{"taxonomy":"post_tag","embeddable":true,"href":"https:\/\/fete.grandeperrure.fr\/index.php\/wp-json\/wp\/v2\/tags?post=74"}],"curies":[{"name":"wp","href":"https:\/\/api.w.org\/{rel}","templated":true}]}}