{"id":188,"date":"2021-05-02T00:28:43","date_gmt":"2021-05-01T22:28:43","guid":{"rendered":"https:\/\/fete.grandeperrure.fr\/?p=188"},"modified":"2021-05-02T00:28:43","modified_gmt":"2021-05-01T22:28:43","slug":"2021-perrure-se-manifete","status":"publish","type":"post","link":"https:\/\/fete.grandeperrure.fr\/index.php\/2021\/05\/02\/2021-perrure-se-manifete\/","title":{"rendered":"2021 &#8211; Perrure se mani&rsquo;F\u00eaTe !"},"content":{"rendered":"\n<h2>Un march\u00e9 fermier avec des produits artisanaux le <strong>Dimanche 9 mai de 10 h \u00e0 17 h.<\/strong><\/h2>\n\n\n\n<div class=\"wp-block-image\"><figure class=\"alignleft size-large is-resized\"><img loading=\"lazy\" src=\"https:\/\/fete.grandeperrure.fr\/wp-content\/uploads\/2021\/05\/affiche2021.jpg\" alt=\"\" class=\"wp-image-189\" width=\"220\" height=\"328\"\/><figcaption>Affiche 2021, quel beau panier !<\/figcaption><\/figure><\/div>\n\n\n\n<p>Malgr\u00e9 les difficult\u00e9s que nous connaissons tous, nous avons d\u00e9cid\u00e9 de maintenir la f\u00eate en cette p\u00e9riode compliqu\u00e9e. R\u00e9duire&nbsp;son format en raison de la crise sanitaire a \u00e9t\u00e9 pour nous quelque chose d&rsquo;\u00e9vident. <\/p>\n\n\n\n<p>Bien que moins festif qu&rsquo;\u00e0 l&rsquo;accoutum\u00e9e, cr\u00e9er des liens, entretenir les \u00e9changes entre les personnes et les g\u00e9n\u00e9rations ont toujours \u00e9t\u00e9 pour nous des choses essentielles. <\/p>\n\n\n\n<p>Cette ann\u00e9e, nous avons d\u00e9cid\u00e9 d&rsquo;organiser le traditionnel march\u00e9 fermier avec ses produits artisanaux et r\u00e9gionaux<\/p>\n\n\n\n<p>Soucieux du respect des r\u00e8gles sanitaires, le masque sera obligatoire pour les commer\u00e7ants et les visiteurs. Devant chaque \u00e9tal, seront mat\u00e9rialis\u00e9s des espaces d\u2019un m\u00e8tre \u00e0 respecter pour les files d\u2019attente. Des distributeurs de gel hydro-alcoolique seront \u00e0 disposition et il est demand\u00e9 aux visiteurs de ne pas toucher aux produits. &nbsp;&nbsp;&nbsp;&nbsp;&nbsp;&nbsp;&nbsp;&nbsp;&nbsp;&nbsp;<\/p>\n\n\n\n<p>A ce jour les d\u00e9placements pour achats de produits de premi\u00e8res n\u00e9cessit\u00e9 sont autoris\u00e9s dans un rayon de 30 km autour de son adresse (y compris hors d\u00e9partement).<br>Vous pourrez acheter :<\/p>\n\n\n\n<ul><li>Miel et bonbon d&rsquo;autrefois (Fran\u00e7ois Couttenceau et Dominique Molin, Mervent)<\/li><li>Pain (Le Libre Levain, Antigny)<\/li><li>Bi\u00e8re (Perrure en F\u00eate)<\/li><li>Jus de pomme (Perrure en F\u00eate)<\/li><li>Cookies (Chocolaterie, Foussais Payr\u00e9)<\/li><li>Pizza (Mamie Pierrette, Fontenay le Comte)<\/li><li>P\u00e2tes, biscuit secs, farine (Le bon grain dit vrai, Benet)<\/li><li>Fouet, Brioche (Dominique Joly, La Ferri\u00e8re)<\/li><li>Viande (Patrice Lafarge, Mouzeuil Saint Martin)<\/li><li>L\u00e9gumes secs (Daniel et Yolande Villeneuve, Petosse)<\/li><li>Fromage de ch\u00e8vre, Huile, Farine, Oeufs (Fromage de Perrure, Mervent)<\/li><li>Plants de l\u00e9gumes (Les jardins de la Bastille, Bourneau) <\/li><li>Insectes comestibles (Grr Insecte, Saint Clement des Baleines)<\/li><li>Plants aromatiques (Isa fleur, Bourneau)<\/li><li>Moutarde ( Tr\u00e9sors du Marais, Marais Poitevin)<\/li><li>&#8230;<\/li><\/ul>\n\n\n\n<p>N&rsquo;oubliez pas, le port du masque et les r\u00e8gles en vigueur actuellement seront de mise<br>pour le bon d\u00e9roulement de cet \u00e9v\u00e8nement.<\/p>\n\n\n\n<p><br>En esp\u00e9rant vous y retrouver nombreux,<\/p>\n\n\n\n<p>L&rsquo;\u00e9quipe de Perrure En F\u00eate<\/p>\n","protected":false},"excerpt":{"rendered":"<p>Un march\u00e9 fermier avec des produits artisanaux le Dimanche 9 mai de 10 h \u00e0 17 h. Malgr\u00e9 les difficult\u00e9s que nous connaissons tous, nous avons d\u00e9cid\u00e9 de maintenir la f\u00eate en cette p\u00e9riode compliqu\u00e9e. R\u00e9duire&nbsp;son format en raison de &hellip; <a href=\"https:\/\/fete.grandeperrure.fr\/index.php\/2021\/05\/02\/2021-perrure-se-manifete\/\">Continuer la lecture <span class=\"meta-nav\">&rarr;<\/span><\/a><\/p>\n","protected":false},"author":1,"featured_media":0,"comment_status":"open","ping_status":"open","sticky":true,"template":"","format":"standard","meta":[],"categories":[3],"tags":[],"_links":{"self":[{"href":"https:\/\/fete.grandeperrure.fr\/index.php\/wp-json\/wp\/v2\/posts\/188"}],"collection":[{"href":"https:\/\/fete.grandeperrure.fr\/index.php\/wp-json\/wp\/v2\/posts"}],"about":[{"href":"https:\/\/fete.grandeperrure.fr\/index.php\/wp-json\/wp\/v2\/types\/post"}],"author":[{"embeddable":true,"href":"https:\/\/fete.grandeperrure.fr\/index.php\/wp-json\/wp\/v2\/users\/1"}],"replies":[{"embeddable":true,"href":"https:\/\/fete.grandeperrure.fr\/index.php\/wp-json\/wp\/v2\/comments?post=188"}],"version-history":[{"count":4,"href":"https:\/\/fete.grandeperrure.fr\/index.php\/wp-json\/wp\/v2\/posts\/188\/revisions"}],"predecessor-version":[{"id":193,"href":"https:\/\/fete.grandeperrure.fr\/index.php\/wp-json\/wp\/v2\/posts\/188\/revisions\/193"}],"wp:attachment":[{"href":"https:\/\/fete.grandeperrure.fr\/index.php\/wp-json\/wp\/v2\/media?parent=188"}],"wp:term":[{"taxonomy":"category","embeddable":true,"href":"https:\/\/fete.grandeperrure.fr\/index.php\/wp-json\/wp\/v2\/categories?post=188"},{"taxonomy":"post_tag","embeddable":true,"href":"https:\/\/fete.grandeperrure.fr\/index.php\/wp-json\/wp\/v2\/tags?post=188"}],"curies":[{"name":"wp","href":"https:\/\/api.w.org\/{rel}","templated":true}]}}