{"id":186,"date":"2020-05-01T20:13:00","date_gmt":"2020-05-01T18:13:00","guid":{"rendered":"https:\/\/fete.grandeperrure.fr\/?p=186"},"modified":"2021-05-01T20:16:19","modified_gmt":"2021-05-01T18:16:19","slug":"2020-perrure-en-fete-se-confine","status":"publish","type":"post","link":"https:\/\/fete.grandeperrure.fr\/index.php\/2020\/05\/01\/2020-perrure-en-fete-se-confine\/","title":{"rendered":"2020 &#8211; Perrure en F\u00eate se confine&#8230;"},"content":{"rendered":"\n<p>Ce week-end du 3 Mai 2020 aurait d\u00fb avoir lieu la 15\u00e8me \u00e9dition de \u00ab\u00a0Perrure en f\u00eate\u00a0\u00bb. Bien triste de ne pouvoir vous accueillir cette ann\u00e9e, nous pensons \u00e0 vous. <\/p>\n\n\n\n<p>L&rsquo;\u00e9quipe se pr\u00e9pare pour rebondir et vous donne rendez-vous pour une petite f\u00eate automnale InDoor le 7 Novembre 2020. \u00c0 vos agendas ! Portez-vous bien et restez encore confin\u00e9, il pleut dehors <img loading=\"lazy\" width=\"16\" height=\"16\" alt=\"\ud83d\ude09\" src=\"https:\/\/static.xx.fbcdn.net\/images\/emoji.php\/v9\/t57\/1\/16\/1f609.png\"><\/p>\n","protected":false},"excerpt":{"rendered":"<p>Ce week-end du 3 Mai 2020 aurait d\u00fb avoir lieu la 15\u00e8me \u00e9dition de \u00ab\u00a0Perrure en f\u00eate\u00a0\u00bb. Bien triste de ne pouvoir vous accueillir cette ann\u00e9e, nous pensons \u00e0 vous. L&rsquo;\u00e9quipe se pr\u00e9pare pour rebondir et vous donne rendez-vous pour &hellip; <a href=\"https:\/\/fete.grandeperrure.fr\/index.php\/2020\/05\/01\/2020-perrure-en-fete-se-confine\/\">Continuer la lecture <span class=\"meta-nav\">&rarr;<\/span><\/a><\/p>\n","protected":false},"author":1,"featured_media":0,"comment_status":"open","ping_status":"open","sticky":false,"template":"","format":"standard","meta":[],"categories":[3],"tags":[],"_links":{"self":[{"href":"https:\/\/fete.grandeperrure.fr\/index.php\/wp-json\/wp\/v2\/posts\/186"}],"collection":[{"href":"https:\/\/fete.grandeperrure.fr\/index.php\/wp-json\/wp\/v2\/posts"}],"about":[{"href":"https:\/\/fete.grandeperrure.fr\/index.php\/wp-json\/wp\/v2\/types\/post"}],"author":[{"embeddable":true,"href":"https:\/\/fete.grandeperrure.fr\/index.php\/wp-json\/wp\/v2\/users\/1"}],"replies":[{"embeddable":true,"href":"https:\/\/fete.grandeperrure.fr\/index.php\/wp-json\/wp\/v2\/comments?post=186"}],"version-history":[{"count":1,"href":"https:\/\/fete.grandeperrure.fr\/index.php\/wp-json\/wp\/v2\/posts\/186\/revisions"}],"predecessor-version":[{"id":187,"href":"https:\/\/fete.grandeperrure.fr\/index.php\/wp-json\/wp\/v2\/posts\/186\/revisions\/187"}],"wp:attachment":[{"href":"https:\/\/fete.grandeperrure.fr\/index.php\/wp-json\/wp\/v2\/media?parent=186"}],"wp:term":[{"taxonomy":"category","embeddable":true,"href":"https:\/\/fete.grandeperrure.fr\/index.php\/wp-json\/wp\/v2\/categories?post=186"},{"taxonomy":"post_tag","embeddable":true,"href":"https:\/\/fete.grandeperrure.fr\/index.php\/wp-json\/wp\/v2\/tags?post=186"}],"curies":[{"name":"wp","href":"https:\/\/api.w.org\/{rel}","templated":true}]}}